{"id":125,"date":"2017-10-27T16:39:39","date_gmt":"2017-10-27T14:39:39","guid":{"rendered":"https:\/\/lescapucines.net\/?p=125"},"modified":"2018-02-18T14:25:11","modified_gmt":"2018-02-18T13:25:11","slug":"ceremonie-du-relais-sacre","status":"publish","type":"post","link":"https:\/\/lescapucines.net\/?p=125","title":{"rendered":"C\u00e9r\u00e9monie du Relais Sacr\u00e9"},"content":{"rendered":"<div id=\"comp-j9g5bqby\" class=\"txtNew\" data-packed=\"true\">\n<h4 class=\"font_4\"><em>Vendredi 27\u00a0octobre au centre de Rochefort.\u200b..<\/em><\/h4>\n<\/div>\n<div id=\"attachment_126\" style=\"width: 974px\" class=\"wp-caption alignnone\"><img loading=\"lazy\" decoding=\"async\" aria-describedby=\"caption-attachment-126\" class=\"wp-image-126 size-full\" src=\"https:\/\/lescapucines.net\/wp-content\/uploads\/2018\/02\/paix01.png\" alt=\"\" width=\"974\" height=\"673\" srcset=\"https:\/\/lescapucines.net\/wp-content\/uploads\/2018\/02\/paix01.png 974w, https:\/\/lescapucines.net\/wp-content\/uploads\/2018\/02\/paix01-300x207.png 300w, https:\/\/lescapucines.net\/wp-content\/uploads\/2018\/02\/paix01-768x531.png 768w\" sizes=\"auto, (max-width: 974px) 100vw, 974px\" \/><p id=\"caption-attachment-126\" class=\"wp-caption-text\">Paix par Nolan<\/p><\/div>\n<div id=\"attachment_130\" style=\"width: 240px\" class=\"wp-caption alignleft\"><img loading=\"lazy\" decoding=\"async\" aria-describedby=\"caption-attachment-130\" class=\"wp-image-130 \" src=\"https:\/\/lescapucines.net\/wp-content\/uploads\/2018\/02\/paix05-300x293.png\" alt=\"\" width=\"240\" height=\"234\" srcset=\"https:\/\/lescapucines.net\/wp-content\/uploads\/2018\/02\/paix05-300x293.png 300w, https:\/\/lescapucines.net\/wp-content\/uploads\/2018\/02\/paix05.png 686w\" sizes=\"auto, (max-width: 240px) 100vw, 240px\" \/><p id=\"caption-attachment-130\" class=\"wp-caption-text\">Colombe par Nafie<\/p><\/div>\n<p class=\"font_7\">Nous sommes all\u00e9s, les \u00e9l\u00e8ves de la\u00a0classe de Mme Marie-Laurence et Mme H\u00e9l\u00e8ne, \u00e0 la c\u00e9r\u00e9monie du Relais Sacr\u00e9. Nous \u00e9tions accompagn\u00e9s de M. St\u00e9phane.<\/p>\n<p class=\"font_7\">Au monument, il y avait plusieurs classes d&rsquo;autres \u00e9coles de Rochefort.<\/p>\n<p class=\"font_7\">On a donn\u00e9 des dessins. D&rsquo;autres ont chant\u00e9, Soprano. D&rsquo;autres encore ont lu.<\/p>\n<p class=\"font_7\">Nous sommes en paix gr\u00e2ce \u00e0 des gens qui ont fait la guerre et sont morts.<\/p>\n<p class=\"font_7\" style=\"text-align: right;\"><span class=\"wixGuard\">\u200b<\/span>Elodie, Scott et Math\u00e9o T.<\/p>\n<p><img loading=\"lazy\" decoding=\"async\" class=\"alignnone wp-image-127 size-full\" src=\"https:\/\/lescapucines.net\/wp-content\/uploads\/2018\/02\/paix02.png\" alt=\"\" width=\"1191\" height=\"672\" srcset=\"https:\/\/lescapucines.net\/wp-content\/uploads\/2018\/02\/paix02.png 1191w, https:\/\/lescapucines.net\/wp-content\/uploads\/2018\/02\/paix02-300x169.png 300w, https:\/\/lescapucines.net\/wp-content\/uploads\/2018\/02\/paix02-768x433.png 768w, https:\/\/lescapucines.net\/wp-content\/uploads\/2018\/02\/paix02-1024x578.png 1024w, https:\/\/lescapucines.net\/wp-content\/uploads\/2018\/02\/paix02-982x554.png 982w\" sizes=\"auto, (max-width: 1191px) 100vw, 1191px\" \/><img loading=\"lazy\" decoding=\"async\" class=\"alignnone wp-image-129 \" src=\"https:\/\/lescapucines.net\/wp-content\/uploads\/2018\/02\/paix04.png\" alt=\"\" width=\"205\" height=\"360\" srcset=\"https:\/\/lescapucines.net\/wp-content\/uploads\/2018\/02\/paix04.png 380w, https:\/\/lescapucines.net\/wp-content\/uploads\/2018\/02\/paix04-171x300.png 171w\" sizes=\"auto, (max-width: 205px) 100vw, 205px\" \/> <img loading=\"lazy\" decoding=\"async\" class=\"alignnone wp-image-128 \" src=\"https:\/\/lescapucines.net\/wp-content\/uploads\/2018\/02\/paix03.png\" alt=\"\" width=\"172\" height=\"359\" srcset=\"https:\/\/lescapucines.net\/wp-content\/uploads\/2018\/02\/paix03.png 319w, https:\/\/lescapucines.net\/wp-content\/uploads\/2018\/02\/paix03-144x300.png 144w\" sizes=\"auto, (max-width: 172px) 100vw, 172px\" \/><\/p>\n","protected":false},"excerpt":{"rendered":"<p>Vendredi 27\u00a0octobre au centre de Rochefort.\u200b.. Nous sommes all\u00e9s, les \u00e9l\u00e8ves de la\u00a0classe de Mme Marie-Laurence et Mme H\u00e9l\u00e8ne, \u00e0 la c\u00e9r\u00e9monie du Relais Sacr\u00e9. Nous \u00e9tions accompagn\u00e9s de M. St\u00e9phane. Au monument, il y avait plusieurs classes d&rsquo;autres \u00e9coles de Rochefort. On a donn\u00e9 des dessins. D&rsquo;autres ont chant\u00e9, Soprano. D&rsquo;autres encore ont lu. &hellip; <\/p>\n<p><a class=\"more-link btn\" href=\"https:\/\/lescapucines.net\/?p=125\">Lire la suite<\/a><\/p>\n","protected":false},"author":2,"featured_media":0,"comment_status":"open","ping_status":"open","sticky":false,"template":"","format":"standard","meta":{"footnotes":""},"categories":[2],"tags":[],"class_list":["post-125","post","type-post","status-publish","format-standard","hentry","category-classe","item-wrap"],"_links":{"self":[{"href":"https:\/\/lescapucines.net\/index.php?rest_route=\/wp\/v2\/posts\/125","targetHints":{"allow":["GET"]}}],"collection":[{"href":"https:\/\/lescapucines.net\/index.php?rest_route=\/wp\/v2\/posts"}],"about":[{"href":"https:\/\/lescapucines.net\/index.php?rest_route=\/wp\/v2\/types\/post"}],"author":[{"embeddable":true,"href":"https:\/\/lescapucines.net\/index.php?rest_route=\/wp\/v2\/users\/2"}],"replies":[{"embeddable":true,"href":"https:\/\/lescapucines.net\/index.php?rest_route=%2Fwp%2Fv2%2Fcomments&post=125"}],"version-history":[{"count":3,"href":"https:\/\/lescapucines.net\/index.php?rest_route=\/wp\/v2\/posts\/125\/revisions"}],"predecessor-version":[{"id":157,"href":"https:\/\/lescapucines.net\/index.php?rest_route=\/wp\/v2\/posts\/125\/revisions\/157"}],"wp:attachment":[{"href":"https:\/\/lescapucines.net\/index.php?rest_route=%2Fwp%2Fv2%2Fmedia&parent=125"}],"wp:term":[{"taxonomy":"category","embeddable":true,"href":"https:\/\/lescapucines.net\/index.php?rest_route=%2Fwp%2Fv2%2Fcategories&post=125"},{"taxonomy":"post_tag","embeddable":true,"href":"https:\/\/lescapucines.net\/index.php?rest_route=%2Fwp%2Fv2%2Ftags&post=125"}],"curies":[{"name":"wp","href":"https:\/\/api.w.org\/{rel}","templated":true}]}}